{"id":3243,"date":"2016-08-14T13:25:58","date_gmt":"2016-08-14T11:25:58","guid":{"rendered":"http:\/\/www.vuncf.org\/?p=3243"},"modified":"2016-08-14T13:25:58","modified_gmt":"2016-08-14T11:25:58","slug":"la-religion-des-riches","status":"publish","type":"post","link":"https:\/\/www.vuncf.org\/?p=3243","title":{"rendered":"La religion des riches"},"content":{"rendered":"<p>Cette courte page va d\u00e9tailler un m\u00e9canisme de pens\u00e9e induite, et ses cons\u00e9quences dramatiques.<br \/>\nPosons d&rsquo;abord le contexte, sous la forme d&rsquo;un petit dialogue :<br \/>\nCitoyen A- Les fluctuations des prix sont la plupart du temps injustifi\u00e9es, et fond\u00e9es sur un rapport de force.<br \/>\nCitoyen B- Comme quoi ?<br \/>\nA- Prenons des l\u00e9gumes par exemple : d&rsquo;origine g\u00e9ographique constante, des l\u00e9gumes sont bien plus chers en d\u00e9but et en fin de saison. Les co\u00fbts de production, de transport et distribution sont constants. Les variations de prix sont justifi\u00e9es par une pr\u00e9diction fausse et auto-r\u00e9alisatrice : la raret\u00e9 implique la ch\u00e8ret\u00e9.<br \/>\nB- Mais c&rsquo;est comme \u00e7a ! ce qui est rare est cher, tout le monde sait cela !<br \/>\nA- Tout le monde <em>le croit<\/em>, ce qui n&rsquo;est pas pareil !<\/p>\n<p>Il y a l\u00e0 mati\u00e8re \u00e0 r\u00e9flexion, mais passons.<\/p>\n<p>A- Si les co\u00fbts divers \u00e9taient discut\u00e9s, mettons en d\u00e9but de saison, afin de garantir un revenu d\u00e9cent et r\u00e9aliste pour les acteurs de la cha\u00eene production-distribution, les prix seraient constants pendant une saison. On \u00e9viterait ainsi de priver les pauvres aux deux bouts de la saison, et de perp\u00e9tuer un privil\u00e8ge immoral donn\u00e9 aux riches.<\/p>\n<p>B- Et qui d\u00e9ciderait ?<\/p>\n<p>A- La communaut\u00e9, apr\u00e8s que chacune des parties ait expos\u00e9 son point de vue : les producteurs, les transporteurs, les logisticiens, les commer\u00e7ants mais aussi bien s\u00fbr des associations de protection de l\u2019environnent et les consommateurs. C&rsquo;est une forme de planification (\u00e0 r\u00e9server aux produits n\u00e9cessaires, n&rsquo;exag\u00e9rons rien).<\/p>\n<p>B- ouais ! on sait ce que la planification a donn\u00e9 en URSS : des magasins vides, des pauvres dans le besoin et une nomenklatura nourrie au caviar !<\/p>\n<p>Bim ! L&rsquo;argument massue !<\/p>\n<p>Le citoyen B n&rsquo;est qu&rsquo;un consommateur, mais il ent\u00e9rine le rapport de force qui permet aux acteurs de la production, notamment les distributeurs et les commer\u00e7ants d&rsquo;augmenter leurs revenus ind\u00fbment. Ce sont rarement les producteurs qui b\u00e9n\u00e9ficient de ce rapport de force : les centrales d&rsquo;achats sont, elles, \u00e9minemment planificatrices.<\/p>\n<p>Reconnaissez que sans les \u00e9checs sovi\u00e9tiques, sans la Cor\u00e9e du Nord, les d\u00e9tenteurs-actionnaires des distributeurs et les commer\u00e7ants vivraient moins bien.<\/p>\n<p>L&rsquo;argumentation de la raret\u00e9 s&rsquo;appuie sur plusieurs escroqueries intellectuelles admirablement r\u00e9pertori\u00e9es par Schopenhauer dans son fascicule \u00ab\u00a0L&rsquo;art d&rsquo;avoir toujours raison\u00a0\u00bb. Un bijou, soit dit en passant : facile \u00e0 lire, court et percutant.<\/p>\n<p>Ici, c&rsquo;est l&rsquo;art de rapprocher deux situations qui n&rsquo;ont rien \u00e0 voir !<\/p>\n<p>La r\u00e9volution sovi\u00e9tique d\u00e9gage un tsar enfoir\u00e9, pour lui substituer en deux ans environ, un nouveau troupeau de maitres \u00e9go\u00efstes, parano\u00efaques, violents et largement aussi profiteurs du peuple.<\/p>\n<p>La planification sovi\u00e9tique proc\u00e8de en secret, sans consultation approfondie et surtout sans soumettre ses d\u00e9cisions \u00e0 un suffrage universel. Ajoutons que cela aurait \u00e9t\u00e9 n\u00e9cessaire, mais pas suffisant : si vous n&rsquo;\u00e9duquez pas \u00ab\u00a0l&rsquo;univers\u00a0\u00bb du suffrage, afin qu&rsquo;il soit r\u00e9ellement capable de juger des arguments des uns et des autres, vous n&rsquo;avez pas progress\u00e9.<\/p>\n<p>Toujours est-il que dans notre conversation ci-dessus, le citoyen B r\u00e9gurgite les banalit\u00e9s simplifi\u00e9s \u00e0 l\u2019extr\u00eame qu&rsquo;on lui a fourr\u00e9es dans le cr\u00e2ne. En restant \u00e0 la surface, il devient son propre ennemi de classe.<\/p>\n<p>Un dernier mot : l&#8217;emploi du mot \u00ab\u00a0libert\u00e9\u00a0\u00bb, dans \u00ab\u00a0libert\u00e9 d&rsquo;entreprendre\u00a0\u00bb, \u00ab\u00a0libert\u00e9 individuelle\u00a0\u00bb, \u00ab\u00a0libert\u00e9 des prix\u00a0\u00bb, masque en r\u00e9alit\u00e9 la haine de la r\u00e9gulation, d\u00e9pouille la communaut\u00e9 de ses <em>droits<\/em> pour laisser quelques forts opprimer les faibles. En r\u00e9alit\u00e9, l&#8217;emploi du mot libert\u00e9 par les forts, est toujours la libert\u00e9 de se contrefoutre de la communaut\u00e9 afin de se gaver sur son dos. Trouvez donc un contre-exemple !<\/p>\n<p>Concr\u00e8tement, Madelin proteste contre les grillages du poulailler qui nuisent \u00e0 la \u00ab\u00a0libert\u00e9\u00a0\u00bb du renard, en occultant bien s\u00fbr le \u00ab\u00a0droit\u00a0\u00bb des poules \u00e0 ne pas se faire \u00e9gorger.<\/p>\n<p>Les id\u00e9es communes sur les prix (offre et demande, main invisible du march\u00e9 etc) sont des croyances religieuses. C&rsquo;est quand m\u00eame fou que nous y adh\u00e9rions alors qu&rsquo;elles nous tuent.<\/p>\n<p>Vive la planification !<\/p>\n","protected":false},"excerpt":{"rendered":"<p>Cette courte page va d\u00e9tailler un m\u00e9canisme de pens\u00e9e induite, et ses cons\u00e9quences dramatiques. Posons d&rsquo;abord le contexte, sous la forme d&rsquo;un petit dialogue : Citoyen A- Les fluctuations des prix sont la plupart du temps injustifi\u00e9es, et fond\u00e9es sur un rapport de force. Citoyen B- Comme quoi ? A- Prenons des l\u00e9gumes par exemple [&hellip;]<\/p>\n","protected":false},"author":1,"featured_media":0,"comment_status":"open","ping_status":"closed","sticky":false,"template":"","format":"standard","meta":{"footnotes":""},"categories":[22],"tags":[],"class_list":["post-3243","post","type-post","status-publish","format-standard","hentry","category-dans-ta-face"],"_links":{"self":[{"href":"https:\/\/www.vuncf.org\/index.php?rest_route=\/wp\/v2\/posts\/3243","targetHints":{"allow":["GET"]}}],"collection":[{"href":"https:\/\/www.vuncf.org\/index.php?rest_route=\/wp\/v2\/posts"}],"about":[{"href":"https:\/\/www.vuncf.org\/index.php?rest_route=\/wp\/v2\/types\/post"}],"author":[{"embeddable":true,"href":"https:\/\/www.vuncf.org\/index.php?rest_route=\/wp\/v2\/users\/1"}],"replies":[{"embeddable":true,"href":"https:\/\/www.vuncf.org\/index.php?rest_route=%2Fwp%2Fv2%2Fcomments&post=3243"}],"version-history":[{"count":1,"href":"https:\/\/www.vuncf.org\/index.php?rest_route=\/wp\/v2\/posts\/3243\/revisions"}],"predecessor-version":[{"id":3244,"href":"https:\/\/www.vuncf.org\/index.php?rest_route=\/wp\/v2\/posts\/3243\/revisions\/3244"}],"wp:attachment":[{"href":"https:\/\/www.vuncf.org\/index.php?rest_route=%2Fwp%2Fv2%2Fmedia&parent=3243"}],"wp:term":[{"taxonomy":"category","embeddable":true,"href":"https:\/\/www.vuncf.org\/index.php?rest_route=%2Fwp%2Fv2%2Fcategories&post=3243"},{"taxonomy":"post_tag","embeddable":true,"href":"https:\/\/www.vuncf.org\/index.php?rest_route=%2Fwp%2Fv2%2Ftags&post=3243"}],"curies":[{"name":"wp","href":"https:\/\/api.w.org\/{rel}","templated":true}]}}