{"id":3158,"date":"2016-05-08T14:54:35","date_gmt":"2016-05-08T12:54:35","guid":{"rendered":"http:\/\/www.vuncf.org\/?p=3158"},"modified":"2016-12-04T06:02:00","modified_gmt":"2016-12-04T05:02:00","slug":"structure-de-lagora","status":"publish","type":"post","link":"https:\/\/www.vuncf.org\/?p=3158","title":{"rendered":"Structure de l&rsquo;Agora"},"content":{"rendered":"<h1>L&rsquo;Agora n&rsquo;est pas un forum, ni un chat, ni un blog.<\/h1>\n<h6>Dans l&rsquo;Agora, on met en forme les id\u00e9es issues des discussions sur les forums, les chat et les blogs.<\/h6>\n<p>Dans un <a href=\"https:\/\/www.vuncf.org\/?p=3152\" target=\"_blank\">article pr\u00e9c\u00e9dent<\/a> je vous ai vant\u00e9 une Agora comme un lieu de production de textes, \u00e9ventuellement constitutionnels, juridiques ou r\u00e8glementaires.<\/p>\n<p>Je vais d\u00e9crire ici la structure des donn\u00e9es du syst\u00e8me.<\/p>\n<p>Voici d&rsquo;abord l&rsquo;organisation g\u00e9n\u00e9rale.<\/p>\n<h2>Niveau 1 : les organisations<\/h2>\n<p>Afin de diff\u00e9rencier les objectifs, en plus d&rsquo;une organisation &lsquo;centrale&rsquo;, il est possible d&rsquo;avoir plusieurs Agora : \u00e0 l&rsquo;Agora politique globale, il est possible d&rsquo;ajouter d&rsquo;autres Agora \u00e0 th\u00e8mes plus sp\u00e9cifiques : monde associatif, clubs prospectifs ou \u00ab\u00a0de recherche\u00a0\u00bb.<\/p>\n<p>Le cas \u00e9ch\u00e9ant, une Agora peut-\u00eatre <strong>ferm\u00e9e<\/strong>, comme un groupe ferm\u00e9 sur Facebook, avec co-optation etc. On peut aussi avoir une Agora r\u00e9serv\u00e9 \u00e0 un groupe limit\u00e9, mais n\u00e9anmoins accessible en lecture au public. Imaginez une universit\u00e9 qui d\u00e9veloppe son agora \u00e0 usage interne, mais qui laisse le public lire le contenu, sans permettre les &lsquo;suggestions&rsquo;, ni le vote aux visiteurs qui ne s&rsquo;identifient m\u00eame pas. Pourquoi pas une \u00ab\u00a0Agora d&rsquo;entreprise\u00a0\u00bb, une Agora pour un lyc\u00e9e, une agora pour une administration, pour un h\u00f4pital&#8230;&#8230;..<\/p>\n<p>Mais pour la suite du document, je ne vais parler que de l&rsquo;Agora \u00ab\u00a0centrale\u00a0\u00bb ou \u00ab\u00a0nationale\u00a0\u00bb, appelez l\u00e0 comme vous voulez.<\/p>\n<h2>Niveau 2 : les domaines de r\u00e9flexions<\/h2>\n<p>Faire de la politique, c&rsquo;est s&rsquo;impliquer dans des domaines de r\u00e9flexions, qu&rsquo;il faut classifier comme on classifie les v\u00e9g\u00e9taux, le monde animal ou les genres musicaux.<\/p>\n<p>Exemples :<\/p>\n<p>Sant\u00e9, \u00e9ducation, monnaie, \u00e9changes marchands, \u00e9changes internationaux, recherche scientifique, \u00e9cologie, travail et emploi, industrie, justice, police, arm\u00e9e, am\u00e9nagement du territoire, propri\u00e9t\u00e9, transport, \u00e9nergie, agriculture&#8230;.<\/p>\n<p>Mais \u00ab\u00a0Sant\u00e9\u00a0\u00bb, par exemple, c&rsquo;est vague, donc on divise en sous-domaines :<\/p>\n<p>Formation, recherche, industrie pharmaceutique, services d&rsquo;urgences, \u00e9quipements structurels\u00a0 l&rsquo;immobilier, \u00e9quipements collectifs, Mise sur le march\u00e9 des m\u00e9dicaments, veille sanitaire, liens avec les organisations sanitaires internationales, r\u00e8glements sanitaires, m\u00e9decine d&rsquo;urgence, directives pour la recherche m\u00e9dicamenteuse, pr\u00e9vention, \u00e9ducation \u00e0 l&rsquo;hygi\u00e8ne, aide \u00e0 la conception, ivg et pma&#8230;.<\/p>\n<p>\u00ab\u00a0Sant\u00e9\u00a0\u00bb-\u00ab\u00a0Formation\u00a0\u00bb, peut se d\u00e9couper en \u00ab\u00a0formation initiale des soignants\u00a0\u00bb, formation permanente, secourisme, structure des qualifications, \u00e9quivalence des dipl\u00f4mes \u00e9trangers.<\/p>\n<p>Cette arborescence permet \u00e0 chacun de retrouver ses domaines de comp\u00e9tences et\/o\u00f9 d&rsquo;int\u00e9r\u00eat. Soyons clair, c&rsquo;est touffu, comme une soci\u00e9t\u00e9 d\u00e9mocratique.<\/p>\n<p>Un utilisateur inscrit marque les domaines qui l&rsquo;int\u00e9ressent : pour ceux l\u00e0 seulement, il recevra des mails l&rsquo;informant de la cr\u00e9ation d&rsquo;une question. Sinon il sera submerg\u00e9 d&rsquo;annonces et ne regardera plus rien. Avoir 2 domaines d&rsquo;int\u00e9r\u00eats, c&rsquo;est d\u00e9j\u00e0 beau !<\/p>\n<h2>Niveau 3 : les questions<\/h2>\n<p>\u00c9tant donn\u00e9 un domaine, les citoyens inscrits sont invit\u00e9s \u00e0 poser les questions, mettons une, qu&rsquo;ils ont d\u00e9tect\u00e9e, explor\u00e9e, analys\u00e9e. Nous sommes donc en fin de discussion sur Facebook, aux &lsquo;nuit debout&rsquo;, dans un club politique, une association formelle ou pas. On ne peut pas faire l&rsquo;\u00e9conomie de la premi\u00e8re n\u00e9gociation : libell\u00e9 pr\u00e9cis de la question. Quitte \u00e0 en restreindre la pr\u00e9cision, tant les solutions propos\u00e9es diff\u00e8rent, il doit y avoir un minimum de consensus sur la question.<\/p>\n<p>Il y a donc eu jacasseries quelque part, d&rsquo;o\u00f9 ressort :<\/p>\n<p>Une question : exemple \u00ab\u00a0Contr\u00f4le d\u00e9mocratique de l&rsquo;organisation qui donne les autorisations de mise sur march\u00e9 des m\u00e9dicament (AFSA)\u00a0\u00bb et le premier qui cr\u00e9e la question pose sa r\u00e9ponse. Les autres posent la leur.<\/p>\n<p>\u00ab\u00a0le premier\u00a0\u00bb, ou \u00ab\u00a0le premier collectif\u00a0\u00bb. A moins d&rsquo;avoir un g\u00e9nial g\u00e9nie en ligne, une r\u00e9ponse doit logiquement \u00eatre issue d&rsquo;un collectif. \u00c7a commence \u00e0 deux.<\/p>\n<h2>Niveau 4 : les r\u00e9ponses :<\/h2>\n<p>Une r\u00e9ponse se traduit par une pr\u00e9sentation g\u00e9n\u00e9rale, une \u00ab\u00a0d\u00e9claration d&rsquo;intention\u00a0\u00bb. Les visiteurs doivent y lire \u00ab\u00a0l&rsquo;esprit\u00a0\u00bb, bref ce qui diff\u00e9rencie cette r\u00e9ponse des autres.<\/p>\n<p>Exemples :<\/p>\n<ul>\n<li>R\u00e9ponse un : \u00ab\u00a0Contr\u00f4le par une assembl\u00e9e sp\u00e9cifique tir\u00e9e au sort\u00a0\u00bb<\/li>\n<li>R\u00e9ponse deux : \u00ab\u00a0Contr\u00f4le par un service de l&rsquo;\u00e9tat\u00a0\u00bb<\/li>\n<\/ul>\n<p>Les r\u00e9dacteurs de chaque r\u00e9ponse peuvent (doivent, pense-je..) donner sur la \u00ab\u00a0page de garde\u00a0\u00bb de leur r\u00e9ponse les \u00e9l\u00e9ments suivants:<\/p>\n<ul>\n<li>Un r\u00e9sum\u00e9 , un \u00ab\u00a0pitch\u00a0\u00bb,<\/li>\n<li>Des liens vers leur site, leur forum, bref leurs lieux de jacasseries.<\/li>\n<li>Des liens vers les documents qui les ont inspir\u00e9s et des documents qui vont donner au citoyens la base documentaire : th\u00e8ses universitaires, livres, vid\u00e9os.<\/li>\n<\/ul>\n<p>La r\u00e9ponse consiste \u00e0 poser un PDF, d&rsquo;un format impos\u00e9 qui met tous les r\u00e9dacteurs sur un pied d&rsquo;\u00e9galit\u00e9 : il n&rsquo;y a pas Roger, r\u00e9dacteur g\u00e9nial mais au ch\u00f4mage, fauch\u00e9 comme les bl\u00e9s mais qui propose un truc valable, et une multi-nationale qui envoie un sous-marin avec 10 millions de brouzoufes, une agence de com, des couleurs partout, des vid\u00e9os prises de l&rsquo;espace et des gonzesses \u00e0 poil (dans l&rsquo;espace, yesss !) et une musique de fond des Rolling Stones.<\/p>\n<p>Le pdf ne contient pas de commentaires. C&rsquo;est un article de loi qui devrait tenir sur une page. Voir en quelques lignes.<\/p>\n<p>Ce sont les liens sur la page de garde qui renvoient vers les explications, les tenants et aboutissants sur la page du collectif des r\u00e9dacteurs.<\/p>\n<p>Je r\u00e9sume : une question=une page avec nom, pitch et liens documentaires si accord des parties.<\/p>\n<p>Une question = des r\u00e9ponses<\/p>\n<p>Une r\u00e9ponse = une page de garde avec intitul\u00e9, pitch et liens vers doc et forum + Un historique de PDF qui sont affin\u00e9s, vous le verrez dans un article a venir.<\/p>\n<p>Bient\u00f4t, un article sur la dynamique autour des questions, un autre sur la d\u00e9mocratie \u00ab\u00a0liquide\u00a0\u00bb du syst\u00e8me, qui n&rsquo;est qu&rsquo;une option, l&rsquo;aspect auto-nettoyant qui \u00e9jecte les plaisantin, la gestion interne (\u00e9viction des provocations racistes, par exemple, ou v\u00e9rification des liens) et enfin un autre sur le vote final.<\/p>\n<p>Je vous laisse, un repas de famille m&rsquo;attend avec saut\u00e9 de banquier sauce racket.<\/p>\n<p>1. <a href=\"https:\/\/www.vuncf.org\/?p=3152\" target=\"_blank\">Agora, le cha\u00eenon manquant<\/a><br \/>\n2. Structure de l&rsquo;Agora<br \/>\n3. <a href=\"https:\/\/www.vuncf.org\/?p=3164\" target=\"_blank\">Un cycle dans l&rsquo;Agora<\/a><br \/>\n4. <a href=\"https:\/\/www.vuncf.org\/?p=3226\" target=\"_blank\">Agora : le vote<\/a><br \/>\n5. <a href=\"https:\/\/www.vuncf.org\/?p=3229\" target=\"_blank\">Parer aux plaisantins envahisseurs<\/a><br \/>\n6. <a href=\"https:\/\/www.vuncf.org\/?p=3234\" target=\"_blank\">Procurations et \u00ab\u00a0d\u00e9mocratie liquide\u00a0\u00bb<\/a><\/p>\n","protected":false},"excerpt":{"rendered":"<p>L&rsquo;Agora n&rsquo;est pas un forum, ni un chat, ni un blog. Dans l&rsquo;Agora, on met en forme les id\u00e9es issues des discussions sur les forums, les chat et les blogs. Dans un article pr\u00e9c\u00e9dent je vous ai vant\u00e9 une Agora comme un lieu de production de textes, \u00e9ventuellement constitutionnels, juridiques ou r\u00e8glementaires. Je vais d\u00e9crire [&hellip;]<\/p>\n","protected":false},"author":1,"featured_media":0,"comment_status":"open","ping_status":"closed","sticky":false,"template":"","format":"standard","meta":{"footnotes":""},"categories":[22],"tags":[],"class_list":["post-3158","post","type-post","status-publish","format-standard","hentry","category-dans-ta-face"],"_links":{"self":[{"href":"https:\/\/www.vuncf.org\/index.php?rest_route=\/wp\/v2\/posts\/3158","targetHints":{"allow":["GET"]}}],"collection":[{"href":"https:\/\/www.vuncf.org\/index.php?rest_route=\/wp\/v2\/posts"}],"about":[{"href":"https:\/\/www.vuncf.org\/index.php?rest_route=\/wp\/v2\/types\/post"}],"author":[{"embeddable":true,"href":"https:\/\/www.vuncf.org\/index.php?rest_route=\/wp\/v2\/users\/1"}],"replies":[{"embeddable":true,"href":"https:\/\/www.vuncf.org\/index.php?rest_route=%2Fwp%2Fv2%2Fcomments&post=3158"}],"version-history":[{"count":18,"href":"https:\/\/www.vuncf.org\/index.php?rest_route=\/wp\/v2\/posts\/3158\/revisions"}],"predecessor-version":[{"id":3277,"href":"https:\/\/www.vuncf.org\/index.php?rest_route=\/wp\/v2\/posts\/3158\/revisions\/3277"}],"wp:attachment":[{"href":"https:\/\/www.vuncf.org\/index.php?rest_route=%2Fwp%2Fv2%2Fmedia&parent=3158"}],"wp:term":[{"taxonomy":"category","embeddable":true,"href":"https:\/\/www.vuncf.org\/index.php?rest_route=%2Fwp%2Fv2%2Fcategories&post=3158"},{"taxonomy":"post_tag","embeddable":true,"href":"https:\/\/www.vuncf.org\/index.php?rest_route=%2Fwp%2Fv2%2Ftags&post=3158"}],"curies":[{"name":"wp","href":"https:\/\/api.w.org\/{rel}","templated":true}]}}