{"id":2830,"date":"2015-01-15T13:57:29","date_gmt":"2015-01-15T12:57:29","guid":{"rendered":"http:\/\/www.vuncf.org\/?p=2830"},"modified":"2015-01-15T13:57:29","modified_gmt":"2015-01-15T12:57:29","slug":"dans-ta-face-populisme-extreme-droite-de-pacotille","status":"publish","type":"post","link":"https:\/\/www.vuncf.org\/?p=2830","title":{"rendered":"Dans Ta Face : Populisme, extr\u00eame-droite de pacotille"},"content":{"rendered":"<p>C&rsquo;est la question centraaaaale&#8230;.<\/p>\n<p>Parcourant quelques actualit\u00e9s, une (vieille) perle tombe du site du \u00ab\u00a0Le Monde\u00a0\u00bb.\u00a0 Un r\u00e9actionnaire suisse nous explique le cas Houellebecq. Alors r\u00e9sumons : Houellechose est d&rsquo;extr\u00e8me-droite parce qu&rsquo;il remet en cause le gouvernement repr\u00e9sentatif au profit de La D\u00e9mocratie, au sens ath\u00e9nien. Notamment par un fort usage du r\u00e9f\u00e9rendum, d&rsquo;initiative populaire cela va sans le dire.<\/p>\n<p>La preuve : les politiciens d&rsquo;extr\u00e8me-droite veulent aussi faire des r\u00e9f\u00e9rendums. Donc WellWellWell est d&rsquo;extr\u00e8me-droite. Bravo mec.<br \/>\nRien de nouveau \u00e0 proprement parler, la conversion du Monde \u00e0 la dictature des actionnaires a 20 ans au moins. Examinons un instant le ressort de cet article, dont un lien figure en bas de cet article.<\/p>\n<p>Ressort argumentaire : Houellebecq veut des r\u00e9f\u00e9rendums, Le Pen veut des r\u00e9f\u00e9rendums DONC Houellebecq est d&rsquo;extr\u00eame droite. Marine fait caca, je fais caca, donc je suis d&rsquo;extr\u00eame-droite. On suppose comme allant de soit que le FN est d&rsquo;extr\u00eame-droite.<\/p>\n<p>Ressort s\u00e9miologique : L&rsquo;extr\u00eame-droite en France est un concept mal d\u00e9fini, \u00e0 g\u00e9om\u00e9trie variable. Son attrait : provoquer un sursaut de d\u00e9go\u00fbt, de bloquer toute pens\u00e9e. Les qualificatifs &lsquo;populiste&rsquo;, &lsquo;fachiste&rsquo;, &lsquo;extr\u00eame-droite&rsquo; ne sont plus des mots, avec un sens dans le dictionnaire. Ce sont des d\u00e9clencheurs d&rsquo;indignation par le cerveau reptilien, des g\u00e9n\u00e9rateurs automatique de d\u00e9go\u00fbt. Comme le rouge de la cape du tor\u00e9ador \u00e9nerve le taureau qui va se faire avoir, ces mots \u00e9nervent les \u00e9lecteurs.<\/p>\n<h2>Qu&rsquo;est-ce que l&rsquo;extr\u00eame droite ?<\/h2>\n<p>Commen\u00e7ons par \u00ab\u00a0la droite\u00a0\u00bb : A droite ceux qui veulent prot\u00e9ger les avantages et la propri\u00e9t\u00e9 des riches, leur mainmise sur tous les aspects de la soci\u00e9t\u00e9, \u00e0 gauche ceux qui veulent limiter la goinfrerie des dominants et donc sortir la majorit\u00e9, la cariatide, bref le populo, de la chiourme o\u00f9 les dominants les exploitent comme de vulgaires esclavagistes qu&rsquo;ils sont, fondamentalement. A droite ceux qui ne veulent pas la mort du Roi et vice versa.<\/p>\n<h6>On devient de droite quand on d\u00e9cide de faire travailler les autres pour un b\u00e9n\u00e9fice personnel, en travaillant soit-m\u00eame le moins possible.<\/h6>\n<p>On est de droite quand on <strong>investit<\/strong>. Placer son argent est, aujourd&rsquo;hui, la signature d&rsquo;un positionnement droitier. La richesse indue par l&rsquo;h\u00e9ritage ou la magouille boursi\u00e8re, la sp\u00e9culation, la corruption, utilis\u00e9e comme moyen pour obtenir qu&rsquo;un &lsquo;autre&rsquo; travaille pour moi\u00a0(paye un loyer par exemple) pendant que je bois des mojitos au bord de la piscine. Vous comprenez la diff\u00e9rence entre la propri\u00e9t\u00e9 d&rsquo;usage, \u00ab\u00a0j&rsquo;ach\u00e8te une maison pour y habiter\u00a0\u00bb et le propri\u00e9t\u00e9 lucrative \u00ab\u00a0j&rsquo;ach\u00e8te un appartement pour attraper la moiti\u00e9 du fruit du travail du locataire\u00a0\u00bb, me faire une grosse marge et ne plus travailler.<\/p>\n<p>A quel moment passe-t-on de la droite \u00e0 l\u2019extr\u00eame droite ? Quand la gauche commence \u00e0 r\u00e9ussir et que la <a title=\"Les trois propri\u00e9t\u00e9s\" href=\"https:\/\/www.vuncf.org\/?p=1111\">propri\u00e9t\u00e9 priv\u00e9e lucrative <\/a>est menac\u00e9e. Et que le sang commence \u00e0 couler. Pour cela, des mercenaires conscients ou &lsquo;inconscients manipul\u00e9s&rsquo;, vont aller se fritter avec les forces de progr\u00e8s.<\/p>\n<p>Attention : le sang va couler, mais le riche a int\u00e9r\u00eat \u00e0 se cacher : autant les fachos du Colonel Laroque en 1934 viennent au grand jour restaurer l&rsquo;ordre contre la subversion &#8211; les fortunes contre les gauchistes du front populaire qui nait &#8211; en lan\u00e7ant un putsch stopp\u00e9 au dernier moment, autant la <strong>diversion<\/strong> est choisie le plus souvent pour sa discr\u00e9tion.<\/p>\n<p><strong>La semi-diversion<\/strong> : le sujet est trait\u00e9, mais avec mauvaise foi, en comptant sur la b\u00eatise du bas peuple, qui r\u00e9fl\u00e9chi dans l&rsquo;ensemble avec son estomac. Exemple typique, c&rsquo;est le journaliste suisse qui taxe Houellebecq d&rsquo;extr\u00e9misme, journaliste qui est lui m\u00eame la diversion de droite. Pour que rien ne change, ce qui est objectivement l&rsquo;int\u00e9r\u00eat des nantis, l&rsquo;anath\u00e8me est lanc\u00e9, peut importe son \u00e9paisseur intellectuelle, ce qui compte c&rsquo;est la panique dans la conversation. Qu&rsquo;on oublie vite l&rsquo;id\u00e9e de d\u00e9mocratie en lui collant vitevitevite un autocollant d\u00e9gueu. Populiste, p\u00e9dophile, nazi, pianiste : peut-importe, du moment que le populo flashe dessus et crie \u00ab\u00a0beurk!\u00a0\u00bb.<\/p>\n<p>Et en l\u2019occurrence, en remettant en cause le gouvernement repr\u00e9sentatif des bourgeois, c&rsquo;est Houellebecq qui est \u00e0 gauche, le journaliste qui d\u00e9fend l&rsquo;ordre \u00e9tabli est \u00e0 \u00ab\u00a0droite\u00a0\u00bb. Pas \u00ab\u00a0extr\u00eame-droite\u00a0\u00bb : le sang n&rsquo;a pas encore coul\u00e9.<\/p>\n<p><strong>La diversion :<\/strong> C&rsquo;est le plus facile. Un attentat, une avanc\u00e9e des rebelles (malien) plus un riche menac\u00e9 (Bollor\u00e9 ou Areva) : et hop ! une guerre est lanc\u00e9e. Un mariage pour tous, un massacre dans un journal, c&rsquo;est bien aussi. N&rsquo;importe quoi pour ne pas toucher au magot des riches. Parler d&rsquo;autre chose que de l&rsquo;h\u00e9g\u00e9monie des friqu\u00e9s et de leur dictature d\u00e9guis\u00e9e. Ne pas parler de d\u00e9mocratie !<\/p>\n<p>La droite s&rsquo;\u00e9tend donc du PS inclus aux groupuscules conservateurs.<\/p>\n<p>Techniquement les groupuscules <em>identitaires<\/em> ne sont pas \u00ab\u00a0de droite\u00a0\u00bb. Selon le contenu politique, ils pourraient m\u00eame \u00eatre class\u00e9s \u00e0 gauche. On voit bien l\u00e0 que le crit\u00e8re \u00ab\u00a0droite\/gauche\u00a0\u00bb est d\u00e9j\u00e0 un fourre-tout id\u00e9ologique. Un crit\u00e8re naturellement occult\u00e9 est le caract\u00e8re <strong>d\u00e9mocratique\/autoritaire<\/strong>. Vous pouvez croiser ces quatre mots : gauche d\u00e9mocratique (absente du paysage), gauche autoritaire (toute la gauche du PS), droite autoritaire, droite d\u00e9mocratique. Cette derni\u00e8re est une vue de l&rsquo;esprit : le peuple n&rsquo;accepterait jamais de bosser sans contrepartie pour les riches. Donc on le berce d&rsquo;illusions : une dictature &lsquo;douce&rsquo;, mais tous les traits d&rsquo;une dictature. Aucun pouvoir r\u00e9el des \u00e9lecteurs car ceux-ci confondent vote et d\u00e9mocratie. La droite d\u00e9magogique, PS inclus, se fait passer pour d\u00e9mocratique, alors qu&rsquo;elle n&rsquo;est qu&rsquo;une droite \u00ab\u00a0pas autoritaire\u00a0\u00bb.<\/p>\n<h6>Le PS, qui d\u00e9fend le syst\u00e8me des riches par sa politique lib\u00e9rale, est donc simplement pour cette raison un parti de droite.<\/h6>\n<h2>L&rsquo;extr\u00eame-droite, tapie dans l&rsquo;ombre&#8230;<\/h2>\n<p>Ce qui am\u00e8ne \u00e0 penser qu&rsquo;il n&rsquo;y aurait pas en France de parti d&rsquo;extr\u00eame-droite. Techniquement, la droite ne fait pas couler le sang des pauvres pour prot\u00e9ger les riches.\u00a0 Enfin, en g\u00e9n\u00e9ral&#8230;<\/p>\n<p>Mais quand m\u00eame : les incidents de Notre-Dame des Landes ou du barrage de Sivens sont, eux, exactement dans la d\u00e9finition de l&rsquo;action extr\u00eame-droiti\u00e8re. Par l&rsquo;interm\u00e9diaire de la police, Ayrault puis Valls vont faire couler le sang pour prot\u00e9ger les int\u00e9r\u00eats de Bouygues, Eiffage, Vinci. C&rsquo;est \u00e7a l&rsquo;extr\u00eame droite : b\u00e2tons, couteaux, ou flingues pour d\u00e9fendre la grosse galette ! D\u2019ailleurs, on ne dit pas \u00ab\u00a0la grosse galette\u00a0\u00bb, on dit \u00ab\u00a0l&rsquo;ordre\u00a0\u00bb<\/p>\n<p>Objectivement, une ratonnade, un groupe de costauds qui va casser la gueule \u00e0 des bronz\u00e9s, n&rsquo;est pas <strong>a-priori<\/strong> un acte d&rsquo;extr\u00eame-droite. Au contraire, abimer la main d\u2019\u0153uvre bon march\u00e9 serait plut\u00f4t de l&rsquo;ordre du sabotage gauchiste. H\u00e9 oui ! Mais quand la r\u00e9action \u00e0 cette action est juste un <strong>facteur de diversion<\/strong> pour le populo \u00e0 bonne conscience qui confond les droits de l&rsquo;homme et la lutte des classes, alors cette ratonnade s&rsquo;insert peut-\u00eatre dans un plan plus g\u00e9n\u00e9ral de protection des fortunes en cr\u00e9ant des troubles justifiant le flicage de la soci\u00e9t\u00e9. Avant de qualifier un acte violent \u00e0 gauche ou \u00e0 droite, il faut conna\u00eetre les r\u00e9sultats <strong>\u00e0 long terme<\/strong>.<\/p>\n<p>Long terme : nom commun, expression totalement \u00e9radiqu\u00e9e par l&rsquo;enthousiasme de l&rsquo;internaute \u00e0 recevoir une information le plus vite possible. Le citoyen drogu\u00e9 \u00e0 la cha\u00eene continue d&rsquo;information se berce de l&rsquo;illusion de l&rsquo;information, indissociable de la \u00ab\u00a0culture\u00a0\u00bb et de la \u00ab\u00a0r\u00e9flexion\u00a0\u00bb, beaucoup trop gauchisants.<\/p>\n<h2>Droite <strong>extr\u00eame<\/strong> ou pas<\/h2>\n<p>Dans une p\u00e9riode \u00ab\u00a0calme\u00a0\u00bb, quand les esclaves vont gentiment trimer et se faire tondre, l&rsquo;extr\u00eame ne se manifeste pas. L&rsquo;<em>extr\u00eame<\/em> est <strong>latent<\/strong>, comme le racisme ou l&rsquo;anti-s\u00e9mitisme. L&rsquo;<em>extr\u00eame<\/em> n&rsquo;est pas une politique, mais un &lsquo;dernier recours&rsquo;, une menace commode.<\/p>\n<p>C&rsquo;est bien une erreur que de faire le parall\u00e8le entre l&rsquo;extr\u00eame droite et le nazisme, alors que c&rsquo;est parfaitement adapt\u00e9 avec Pinochet. Pinochet est l&rsquo;envoy\u00e9 des riches pour tuer la gauche et restaurer la toute puissance des propri\u00e9taires. Les multinationales et les bourgeois (les poss\u00e9dants lucratifs), par l&rsquo;interm\u00e9diaire du gouvernement des USA, ont envoy\u00e9\u00a0 Pinochet r\u00e9tablir l&rsquo;ordre des riches par la violence.<br \/>\nDans le cas du nazisme, issu de l&rsquo;humiliation nationale par la France de l&rsquo;Allemagne vaincue en 1918, ce sont les riches qui ont couru apr\u00e8s le nazisme et pas le contraire. En finan\u00e7ant les nazis, les riches ont donn\u00e9 le caract\u00e8re \u00ab\u00a0extr\u00e8me-droite\u00a0\u00bb \u00e0 ce qui n&rsquo;\u00e9tait alors qu&rsquo;un nationalisme violent, \u00e0 gauche au sens strict. Les riches europ\u00e9ens (inclus les Renault, Peugeot, Michelin, Schneider, De Margerie ex-Roderer, bref, le bizness) ont choisi Hitler contre le communisme. C&rsquo;est un peu os\u00e9, mais on pourrait dire que c&rsquo;est le Medef europ\u00e9en de l&rsquo;\u00e9poque, qui a donn\u00e9 son caract\u00e8re d&rsquo;extr\u00eame-droite \u00e0 ce qui n&rsquo;\u00e9tait qu&rsquo;une dictature nationaliste violente. Et ne doutez pas que Marine saurait s&rsquo;adapter !<\/p>\n<h6>Cessons de confondre \u00ab\u00a0nationalisme violent\u00a0\u00bb et extr\u00eame-droite. L&rsquo;extr\u00eame droite est la violence physique au service d&rsquo;une politique de pr\u00e9servation des privil\u00e8ges des riches.<\/h6>\n<p>PS et UMP d&rsquo;extr\u00eame-droite ? Pas dans les faits actuels, car la violence n&rsquo;est pas n\u00e9cessaire. L&rsquo;abrutissement des masses fonctionne tr\u00e8s bien. Mais les sursauts de r\u00e9sistance populaire aux OGM, aux chantiers inutiles sont l&rsquo;occasion de comportements r\u00e9pondant \u00e0 cette appellation.<\/p>\n<p>Le FN, parti d&rsquo;extr\u00eame-droite ? La seule diff\u00e9rence, je dis bien la seule, entre UMP et FN, est que l&rsquo;UMP d\u00e9fend les int\u00e9r\u00eats des gros riches et de leur syst\u00e8me international, quand le FN veux exactement le m\u00eame chose pour les <em>petits riches locaux<\/em>. Quand \u00e0 son caract\u00e8re raciste, il n&rsquo;a rien \u00e0 voir avec notre sujet. Attendons de voir qui r\u00e9prime les id\u00e9es de gauche par la violence pour dire qui est d&rsquo;extr\u00eame-droite.<\/p>\n<p>La seule chose que l&rsquo;on peut dire, c&rsquo;est que le FN a un discours violent, violence qui pourrait \u00eatre le signe de l&rsquo;extr\u00eame plus latent dans ce parti qu&rsquo;ailleurs. Mais rien au fond ne diff\u00e9rencie Copp\u00e9, Estrosi, Mariton ou Valls de Marine. L&rsquo;histoire r\u00e9cente montre UMP-PS ayant recours \u00e0 la r\u00e9pression physique de la contestation de gauche avec les m\u00eame justifications. Objectivement, Marine n&rsquo;a pas eu l&rsquo;occasion de le faire. Qu&rsquo;elle en meure d&rsquo;envie reste une conjecture.<\/p>\n<p>Le racisme peut-\u00eatre \u00e9ventuellement associ\u00e9 \u00e0 l&rsquo;extr\u00eame-droite, dans le sens o\u00f9 c&rsquo;est une construction servant \u00e0 justifier l&rsquo;esclavage. Lequel esclavage a profit\u00e9 aux riches : la main d\u2019\u0153uvre gratuite qui par ailleurs met la pression sur tous les salaires, ne concerne que les riches dominants colonialistes. Le racisme est donc un doctrine politique de droite, extr\u00eame en ce qu&rsquo;elle est violente. Les manifestations racistes quotidiennes sont d&rsquo;un tout autre ordre, et le plus souvent n&rsquo;ont pas de caract\u00e8re politique, le m\u00e2le europ\u00e9en est con et violent, au fond.<\/p>\n<p>Certains d&rsquo;entre nous ne poss\u00e8dent pas le bagage historique, le langage, pour s&rsquo;exprimer en toute circonstance. C&rsquo;est la vie ! Ce qui est plus discutable, c&rsquo;est la propension des riches \u00e0 entretenir et utiliser ce fait pour manipuler les esprits. R\u00e9sistons ! Remettons les mots \u00e0 l&rsquo;endroit.<\/p>\n<p>Article en r\u00e9f\u00e9rence : <a href=\"http:\/\/www.lemonde.fr\/idees\/article\/2014\/05\/20\/michel-houellebecq-et-la-democratie-directe_4422199_3232.html\" target=\"_blank\">http:\/\/www.lemonde.fr\/idees\/article\/2014\/05\/20\/michel-houellebecq-et-la-democratie-directe_4422199_3232.html<\/a><\/p>\n<p>&nbsp;<\/p>\n","protected":false},"excerpt":{"rendered":"<p>C&rsquo;est la question centraaaaale&#8230;. Parcourant quelques actualit\u00e9s, une (vieille) perle tombe du site du \u00ab\u00a0Le Monde\u00a0\u00bb.\u00a0 Un r\u00e9actionnaire suisse nous explique le cas Houellebecq. Alors r\u00e9sumons : Houellechose est d&rsquo;extr\u00e8me-droite parce qu&rsquo;il remet en cause le gouvernement repr\u00e9sentatif au profit de La D\u00e9mocratie, au sens ath\u00e9nien. Notamment par un fort usage du r\u00e9f\u00e9rendum, d&rsquo;initiative populaire [&hellip;]<\/p>\n","protected":false},"author":1,"featured_media":0,"comment_status":"open","ping_status":"closed","sticky":false,"template":"","format":"standard","meta":{"footnotes":""},"categories":[22],"tags":[],"class_list":["post-2830","post","type-post","status-publish","format-standard","hentry","category-dans-ta-face"],"_links":{"self":[{"href":"https:\/\/www.vuncf.org\/index.php?rest_route=\/wp\/v2\/posts\/2830","targetHints":{"allow":["GET"]}}],"collection":[{"href":"https:\/\/www.vuncf.org\/index.php?rest_route=\/wp\/v2\/posts"}],"about":[{"href":"https:\/\/www.vuncf.org\/index.php?rest_route=\/wp\/v2\/types\/post"}],"author":[{"embeddable":true,"href":"https:\/\/www.vuncf.org\/index.php?rest_route=\/wp\/v2\/users\/1"}],"replies":[{"embeddable":true,"href":"https:\/\/www.vuncf.org\/index.php?rest_route=%2Fwp%2Fv2%2Fcomments&post=2830"}],"version-history":[{"count":8,"href":"https:\/\/www.vuncf.org\/index.php?rest_route=\/wp\/v2\/posts\/2830\/revisions"}],"predecessor-version":[{"id":2838,"href":"https:\/\/www.vuncf.org\/index.php?rest_route=\/wp\/v2\/posts\/2830\/revisions\/2838"}],"wp:attachment":[{"href":"https:\/\/www.vuncf.org\/index.php?rest_route=%2Fwp%2Fv2%2Fmedia&parent=2830"}],"wp:term":[{"taxonomy":"category","embeddable":true,"href":"https:\/\/www.vuncf.org\/index.php?rest_route=%2Fwp%2Fv2%2Fcategories&post=2830"},{"taxonomy":"post_tag","embeddable":true,"href":"https:\/\/www.vuncf.org\/index.php?rest_route=%2Fwp%2Fv2%2Ftags&post=2830"}],"curies":[{"name":"wp","href":"https:\/\/api.w.org\/{rel}","templated":true}]}}