{"id":2458,"date":"2014-04-29T11:35:47","date_gmt":"2014-04-29T09:35:47","guid":{"rendered":"http:\/\/www.vuncf.org\/?p=2458"},"modified":"2014-04-29T13:26:59","modified_gmt":"2014-04-29T11:26:59","slug":"dans-ta-face-on-a-ecrit-ca","status":"publish","type":"post","link":"https:\/\/www.vuncf.org\/?p=2458","title":{"rendered":"Dans Ta Face : on a \u00e9crit \u00e7a&#8230;"},"content":{"rendered":"<p>Je viens d&rsquo;envoyer \u00e7a, je vous tiendrais au courant de la suite. Idem en direction du maire de XXX.<\/p>\n<p>Bonjour,<\/p>\n<p>Je suis pass\u00e9 il y a quelques temps au studio pour faire connaissance : je suis le gars qui a fait de la radio, qui vient d&rsquo;arriver \u00e0 XXX.<\/p>\n<p>Et surtout, pour ce qui concerne cette prise de contact, anime un site qui s\u2019appelle <a href=\"www.vuncf.org\" target=\"_blank\">www.vuncf.org<\/a>.<\/p>\n<p>Autant le dire tout de suite : je ne souhaite pas venir faire de la pub pour mon site, ce qui n&rsquo;aurait pas vraiment d&rsquo;int\u00e9r\u00eat pour vous, ni pour moi.<\/p>\n<p>En revanche, dans le cadre de l&rsquo;intitul\u00e9 &lsquo;local&rsquo; de votre station,\u00a0 je souhaite venir pr\u00e9senter un projet que je voudrais d\u00e9velopper dans MA ville.<\/p>\n<p>Il s&rsquo;agit de lancer une activit\u00e9 <span style=\"text-decoration: underline;\">permanente <\/span>sur XXX et les communes adjacentes, \u00e0 vocation \u00ab\u00a0d&rsquo;\u00e9ducation populaire\u00a0\u00bb, exactement &lsquo;une pratique d\u00e9mocratique&rsquo;.<br \/>\nJ&rsquo;ai mis des guillemets expr\u00e8s, voir les liens vers une explication plus d\u00e9taill\u00e9e de ce qu&rsquo;est l&rsquo;\u00e9ducation populaire.<\/p>\n<p><a href=\"http:\/\/fr.wikipedia.org\/wiki\/%C3%89ducation_populaire\" target=\"_blank\">Lien vers une d\u00e9finition g\u00e9n\u00e9rale (wikip\u00e9dia)<\/a><br \/>\n<a href=\"http:\/\/www.monde-diplomatique.fr\/2009\/05\/LEPAGE\/17113\" target=\"_blank\">Lien vers une d\u00e9finition par Frank Lepage<\/a><\/p>\n<p>Toutefois, l&rsquo;\u00e9ducation populaire est un concept g\u00e9n\u00e9ral, qui recouvre bien plus que ce que je veux animer plus modestement \u00e0 XXX.<\/p>\n<p>Vous avez eu \u00e0 entendre parler de la situation du village de Saillans, dans la Dr\u00f4me.<br \/>\nVoici deux liens pour en savoir plus :<br \/>\n<a href=\"http:\/\/rue89.nouvelobs.com\/2014\/03\/29\/a-saillans-les-1-199-habitants-ont-tous-ete-elus-premier-tour-251062\">http:\/\/rue89.nouvelobs.com\/2014\/03\/29\/a-saillans-les-1-199-habitants-ont-tous-ete-elus-premier-tour-251062<\/a><br \/>\n<a href=\"http:\/\/blogs.mediapart.fr\/blog\/paco-de-la-vega\/290314\/saillans-les-1-199-habitants-ont-tous-ete-elus-au-premier-tour\">http:\/\/blogs.mediapart.fr\/blog\/paco-de-la-vega\/290314\/saillans-les-1-199-habitants-ont-tous-ete-elus-au-premier-tour<\/a><\/p>\n<p>ceci pourra vous donner une id\u00e9e, le ton de ce que souhaite entreprendre : lancer un mouvement pour amener les \u00e9lecteurs \u00e0 devenir citoyens.<br \/>\nComprenez bien que ce mouvement n&rsquo;est en aucune fa\u00e7on contestataire : je n&rsquo;ai rien \u00e0 contester, mais il n&rsquo;est point n\u00e9cessaire de vouloir d\u00e9truire pour vouloir construire.<\/p>\n<p>Alors que la ville de XXX se compose d&rsquo;une vaste majorit\u00e9 d&rsquo;inactifs : retrait\u00e9s, ch\u00f4meurs ou d&rsquo;autre origine, je souhaite pr\u00e9cis\u00e9ment revoir le sens du mot inactif.<br \/>\nOn entend par &lsquo;inactif&rsquo;, une personne qui n&rsquo;est pas &#8217;employ\u00e9e&rsquo; et qui ne produit pas de marchandise ni de service monnayable.<br \/>\nCe qui r\u00e9duit par exemple l&rsquo;activit\u00e9 b\u00e9n\u00e9vole \u00e0 un &lsquo;loisir&rsquo;. Une grand-m\u00e8re qui garde ses enfants, un b\u00e9n\u00e9vole qui fait du soutien scolaire, un adjoint au maire, un \u00e9lecteur qui construit sa maison, tout ces gens seraient donc des &lsquo;inactifs&rsquo;, alors qu&rsquo;ils constituent au bas mot un tiers cach\u00e9 du produit int\u00e9rieur brut.<\/p>\n<p>De m\u00eame, votre activit\u00e9 de directeur de radio locale, non r\u00e9mun\u00e9r\u00e9e, fait donc de vous un inactif selon la norme en vigueur.<\/p>\n<p>Dans le cadre de votre inaction, je souhaiterais donc venir inacter sur vos ondes, afin de contacter les autres inactifs de XXX, et de les initier aux joies des exercices inactifs d\u00e9mocratiques.<\/p>\n<p>Inactivement v\u00f4tre,<\/p>\n<p>S\u00e9bastien MAYER<br \/>\n<a href=\"www.vuncf.org\">www.vuncf.org<\/a><\/p>\n","protected":false},"excerpt":{"rendered":"<p>Je viens d&rsquo;envoyer \u00e7a, je vous tiendrais au courant de la suite. Idem en direction du maire de XXX. Bonjour, Je suis pass\u00e9 il y a quelques temps au studio pour faire connaissance : je suis le gars qui a fait de la radio, qui vient d&rsquo;arriver \u00e0 XXX. Et surtout, pour ce qui concerne [&hellip;]<\/p>\n","protected":false},"author":1,"featured_media":0,"comment_status":"open","ping_status":"closed","sticky":false,"template":"","format":"standard","meta":{"footnotes":""},"categories":[1],"tags":[],"class_list":["post-2458","post","type-post","status-publish","format-standard","hentry","category-uncategorized"],"_links":{"self":[{"href":"https:\/\/www.vuncf.org\/index.php?rest_route=\/wp\/v2\/posts\/2458","targetHints":{"allow":["GET"]}}],"collection":[{"href":"https:\/\/www.vuncf.org\/index.php?rest_route=\/wp\/v2\/posts"}],"about":[{"href":"https:\/\/www.vuncf.org\/index.php?rest_route=\/wp\/v2\/types\/post"}],"author":[{"embeddable":true,"href":"https:\/\/www.vuncf.org\/index.php?rest_route=\/wp\/v2\/users\/1"}],"replies":[{"embeddable":true,"href":"https:\/\/www.vuncf.org\/index.php?rest_route=%2Fwp%2Fv2%2Fcomments&post=2458"}],"version-history":[{"count":3,"href":"https:\/\/www.vuncf.org\/index.php?rest_route=\/wp\/v2\/posts\/2458\/revisions"}],"predecessor-version":[{"id":2464,"href":"https:\/\/www.vuncf.org\/index.php?rest_route=\/wp\/v2\/posts\/2458\/revisions\/2464"}],"wp:attachment":[{"href":"https:\/\/www.vuncf.org\/index.php?rest_route=%2Fwp%2Fv2%2Fmedia&parent=2458"}],"wp:term":[{"taxonomy":"category","embeddable":true,"href":"https:\/\/www.vuncf.org\/index.php?rest_route=%2Fwp%2Fv2%2Fcategories&post=2458"},{"taxonomy":"post_tag","embeddable":true,"href":"https:\/\/www.vuncf.org\/index.php?rest_route=%2Fwp%2Fv2%2Ftags&post=2458"}],"curies":[{"name":"wp","href":"https:\/\/api.w.org\/{rel}","templated":true}]}}