{"id":2155,"date":"2014-03-19T07:48:05","date_gmt":"2014-03-19T06:48:05","guid":{"rendered":"http:\/\/www.vuncf.org\/?p=2155"},"modified":"2014-03-23T09:20:44","modified_gmt":"2014-03-23T08:20:44","slug":"danstaface-19-mars-2014","status":"publish","type":"post","link":"https:\/\/www.vuncf.org\/?p=2155","title":{"rendered":"DansTaFace : 19 Mars 2014"},"content":{"rendered":"<h2>D\u00e9sob\u00e9issance civile<\/h2>\n<p>On ne peut simultan\u00e9ment ob\u00e9ir et respecter.<\/p>\n<p>J\u2019ob\u00e9is au juge, parce que je peux faire appel, cassation, voir je peux r\u00e9cuser le juge. Je peux ne pas le respecter.<\/p>\n<p>Le juge, lui, doit me respecter : s&rsquo;il me coupe la parole pendant que je plaide, son jugement est nul.<\/p>\n<p>Lui ne doit pas m&rsquo;ob\u00e9ir pour prendre sa d\u00e9cision. Tout \u00e7a est coh\u00e9rent et acceptable.<\/p>\n<p>En revanche nous devons ob\u00e9ir aux lois et respecter ceux qui les font : ils sont inattaquables, m\u00eame et surtout quand ils manigancent pour leur propre int\u00e9r\u00eat ou l\u2019int\u00e9r\u00eat de leurs maitres.C&rsquo;est le sens de l&rsquo;organisation de nos institutions.<\/p>\n<p>Nous les p\u00e9quins, les blaireaux, la cariatide,\u00a0 bref, les \u00ab\u00a0gens\u00a0\u00bb, nous devons ob\u00e9ir \u00e0 nos maitres <strong>et<\/strong> les respecter.<\/p>\n<p>Le r\u00e9f\u00e9rendum d&rsquo;initiative populaire serait le vaccin de cette maladie : nous aurions la possibilit\u00e9 de ne pas les respecter. Mais \u00ab\u00a0ils\u00a0\u00bb n&rsquo;en veulent surtout pas.<\/p>\n<p>Alors je ne veux plus ni leur ob\u00e9ir, ni les respecter : je pr\u00f4ne la d\u00e9sob\u00e9issance civile.<\/p>\n","protected":false},"excerpt":{"rendered":"<p>D\u00e9sob\u00e9issance civile On ne peut simultan\u00e9ment ob\u00e9ir et respecter. J\u2019ob\u00e9is au juge, parce que je peux faire appel, cassation, voir je peux r\u00e9cuser le juge. Je peux ne pas le respecter. Le juge, lui, doit me respecter : s&rsquo;il me coupe la parole pendant que je plaide, son jugement est nul. Lui ne doit pas [&hellip;]<\/p>\n","protected":false},"author":1,"featured_media":0,"comment_status":"closed","ping_status":"closed","sticky":false,"template":"","format":"standard","meta":{"footnotes":""},"categories":[22],"tags":[],"class_list":["post-2155","post","type-post","status-publish","format-standard","hentry","category-dans-ta-face"],"_links":{"self":[{"href":"https:\/\/www.vuncf.org\/index.php?rest_route=\/wp\/v2\/posts\/2155","targetHints":{"allow":["GET"]}}],"collection":[{"href":"https:\/\/www.vuncf.org\/index.php?rest_route=\/wp\/v2\/posts"}],"about":[{"href":"https:\/\/www.vuncf.org\/index.php?rest_route=\/wp\/v2\/types\/post"}],"author":[{"embeddable":true,"href":"https:\/\/www.vuncf.org\/index.php?rest_route=\/wp\/v2\/users\/1"}],"replies":[{"embeddable":true,"href":"https:\/\/www.vuncf.org\/index.php?rest_route=%2Fwp%2Fv2%2Fcomments&post=2155"}],"version-history":[{"count":1,"href":"https:\/\/www.vuncf.org\/index.php?rest_route=\/wp\/v2\/posts\/2155\/revisions"}],"predecessor-version":[{"id":2156,"href":"https:\/\/www.vuncf.org\/index.php?rest_route=\/wp\/v2\/posts\/2155\/revisions\/2156"}],"wp:attachment":[{"href":"https:\/\/www.vuncf.org\/index.php?rest_route=%2Fwp%2Fv2%2Fmedia&parent=2155"}],"wp:term":[{"taxonomy":"category","embeddable":true,"href":"https:\/\/www.vuncf.org\/index.php?rest_route=%2Fwp%2Fv2%2Fcategories&post=2155"},{"taxonomy":"post_tag","embeddable":true,"href":"https:\/\/www.vuncf.org\/index.php?rest_route=%2Fwp%2Fv2%2Ftags&post=2155"}],"curies":[{"name":"wp","href":"https:\/\/api.w.org\/{rel}","templated":true}]}}